{"id":1247,"date":"2026-01-07T18:13:39","date_gmt":"2026-01-07T18:13:39","guid":{"rendered":"https:\/\/seshospedajes.es\/?p=1247"},"modified":"2026-01-10T23:14:10","modified_gmt":"2026-01-10T23:14:10","slug":"informe-anual-de-arrendamientos-de-corta-duracion","status":"publish","type":"post","link":"https:\/\/seshospedajes.es\/fi\/informe-anual-de-arrendamientos-de-corta-duracion\/","title":{"rendered":"Informe anual de arrendamientos de corta duraci\u00f3n"},"content":{"rendered":"<div class=\"fusion-fullwidth fullwidth-box fusion-builder-row-1 fusion-flex-container has-pattern-background has-mask-background nonhundred-percent-fullwidth non-hundred-percent-height-scrolling\" style=\"--awb-border-radius-top-left:0px;--awb-border-radius-top-right:0px;--awb-border-radius-bottom-right:0px;--awb-border-radius-bottom-left:0px;--awb-padding-right:30px;--awb-padding-left:30px;--awb-flex-wrap:wrap;\" ><div class=\"fusion-builder-row fusion-row fusion-flex-align-items-flex-start fusion-flex-content-wrap\" style=\"max-width:1248px;margin-left: calc(-4% \/ 2 );margin-right: calc(-4% \/ 2 );\"><div class=\"fusion-layout-column fusion_builder_column fusion-builder-column-0 fusion_builder_column_1_1 1_1 fusion-flex-column\" style=\"--awb-bg-size:cover;--awb-width-large:100%;--awb-margin-top-large:0px;--awb-spacing-right-large:1.92%;--awb-margin-bottom-large:20px;--awb-spacing-left-large:1.92%;--awb-width-medium:100%;--awb-order-medium:0;--awb-spacing-right-medium:1.92%;--awb-spacing-left-medium:1.92%;--awb-width-small:100%;--awb-order-small:0;--awb-spacing-right-small:1.92%;--awb-spacing-left-small:1.92%;\"><div class=\"fusion-column-wrapper fusion-column-has-shadow fusion-flex-justify-content-flex-start fusion-content-layout-column\"><div class=\"fusion-text fusion-text-1\"><h1 data-start=\"454\" data-end=\"552\">Informe anual de arrendamientos de corta duraci\u00f3n: qu\u00e9 es, a qui\u00e9n afecta y c\u00f3mo cumplir en 2025<\/h1>\n<p data-start=\"554\" data-end=\"865\">El alquiler de corta duraci\u00f3n en Espa\u00f1a entra en una nueva fase de control y trazabilidad. A las obligaciones ya conocidas del <strong data-start=\"681\" data-end=\"705\">registro de viajeros<\/strong> se suma ahora una <strong data-start=\"724\" data-end=\"762\">nueva obligaci\u00f3n informativa anual<\/strong>, regulada por la <strong data-start=\"780\" data-end=\"803\">Orden VAU\/1560\/2025<\/strong>, que afecta a propietarios, gestores y plataformas digitales.<\/p>\n<p data-start=\"867\" data-end=\"1095\">En este art\u00edculo te explicamos, de forma clara y sin tecnicismos innecesarios, <strong data-start=\"946\" data-end=\"975\">qu\u00e9 es este informe anual<\/strong>, <strong data-start=\"977\" data-end=\"1003\">qui\u00e9n debe presentarlo<\/strong>, <strong data-start=\"1005\" data-end=\"1026\">qu\u00e9 datos incluye<\/strong>, <strong data-start=\"1028\" data-end=\"1050\">cu\u00e1ndo se presenta<\/strong> y <strong data-start=\"1053\" data-end=\"1094\">c\u00f3mo cumplir sin errores ni sanciones<\/strong>.<\/p>\n<h2 data-start=\"1102\" data-end=\"1166\">\u00bfQu\u00e9 es el informe anual de arrendamientos de corta duraci\u00f3n?<\/h2>\n<p data-start=\"1168\" data-end=\"1312\">Es una <strong data-start=\"1175\" data-end=\"1208\">declaraci\u00f3n informativa anual<\/strong> que recoge la actividad de los alquileres de corta duraci\u00f3n realizados durante el a\u00f1o natural anterior.<\/p>\n<p data-start=\"1314\" data-end=\"1541\">No sustituye al registro de viajeros ni a las comunicaciones policiales. Es una <strong data-start=\"1394\" data-end=\"1418\">obligaci\u00f3n adicional<\/strong>, de car\u00e1cter fiscal-administrativo, cuyo objetivo es mejorar el control del mercado del alquiler tur\u00edstico y de temporada.<\/p>\n<p data-start=\"1543\" data-end=\"1605\">Este informe se enmarca en la estrategia estatal y europea de:<\/p>\n<ul data-start=\"1607\" data-end=\"1814\">\n<li data-start=\"1607\" data-end=\"1661\">\n<p data-start=\"1609\" data-end=\"1661\">Mayor transparencia del alquiler de corta duraci\u00f3n<\/p>\n<\/li>\n<li data-start=\"1662\" data-end=\"1708\">\n<p data-start=\"1664\" data-end=\"1708\">Control del fraude y la econom\u00eda sumergida<\/p>\n<\/li>\n<li data-start=\"1709\" data-end=\"1757\">\n<p data-start=\"1711\" data-end=\"1757\">Coordinaci\u00f3n entre administraciones p\u00fablicas<\/p>\n<\/li>\n<li data-start=\"1758\" data-end=\"1814\">\n<p data-start=\"1760\" data-end=\"1814\">Supervisi\u00f3n de la actividad en plataformas digitales<\/p>\n<\/li>\n<li data-start=\"1758\" data-end=\"1814\"><\/li>\n<\/ul>\n<h2 data-start=\"1821\" data-end=\"1858\">\u00bfQu\u00e9 norma regula esta obligaci\u00f3n?<\/h2>\n<p data-start=\"1860\" data-end=\"2068\">La obligaci\u00f3n se regula mediante la <strong data-start=\"1896\" data-end=\"1919\">Orden VAU\/1560\/2025<\/strong>, que desarrolla el sistema de informaci\u00f3n asociado al alquiler de corta duraci\u00f3n y establece el <strong data-start=\"2016\" data-end=\"2044\">modelo informativo anual<\/strong> que deber\u00e1 presentarse.<\/p>\n<p data-start=\"2070\" data-end=\"2106\">Esta norma conecta directamente con:<\/p>\n<ul data-start=\"2108\" data-end=\"2264\">\n<li data-start=\"2108\" data-end=\"2159\">\n<p data-start=\"2110\" data-end=\"2159\">El Registro \u00danico de Viviendas de Uso Tur\u00edstico<\/p>\n<\/li>\n<li data-start=\"2160\" data-end=\"2191\">\n<p data-start=\"2162\" data-end=\"2191\">La Ventanilla \u00danica Digital<\/p>\n<\/li>\n<li data-start=\"2192\" data-end=\"2264\">\n<p data-start=\"2194\" data-end=\"2264\">Las obligaciones de informaci\u00f3n de plataformas como Airbnb o Booking<\/p>\n<\/li>\n<\/ul>\n<h2 data-start=\"2271\" data-end=\"2324\"><\/h2>\n<h2 data-start=\"2271\" data-end=\"2324\">\u00bfQui\u00e9n est\u00e1 obligado a presentar el informe anual?<\/h2>\n<p data-start=\"2326\" data-end=\"2353\">Deben presentar el informe:<\/p>\n<ul data-start=\"2355\" data-end=\"2591\">\n<li data-start=\"2355\" data-end=\"2401\">\n<p data-start=\"2357\" data-end=\"2401\">Propietarios de viviendas de uso tur\u00edstico<\/p>\n<\/li>\n<li data-start=\"2402\" data-end=\"2441\">\n<p data-start=\"2404\" data-end=\"2441\">Gestores de alquileres vacacionales<\/p>\n<\/li>\n<li data-start=\"2442\" data-end=\"2509\">\n<p data-start=\"2444\" data-end=\"2509\">Empresas o aut\u00f3nomos que gestionen alquileres de corta duraci\u00f3n<\/p>\n<\/li>\n<li data-start=\"2510\" data-end=\"2591\">\n<p data-start=\"2512\" data-end=\"2591\">Arrendadores de habitaciones o alquileres temporales sujetos a esta normativa<\/p>\n<\/li>\n<\/ul>\n<p data-start=\"2593\" data-end=\"2608\">Incluso aunque:<\/p>\n<ul data-start=\"2609\" data-end=\"2763\">\n<li data-start=\"2609\" data-end=\"2651\">\n<p data-start=\"2611\" data-end=\"2651\">Solo se haya alquilado unos pocos d\u00edas<\/p>\n<\/li>\n<li data-start=\"2652\" data-end=\"2718\">\n<p data-start=\"2654\" data-end=\"2718\">El inmueble est\u00e9 en una comunidad aut\u00f3noma con registro propio<\/p>\n<\/li>\n<li data-start=\"2719\" data-end=\"2763\">\n<p data-start=\"2721\" data-end=\"2763\">Ya se cumpla con el registro de viajeros<\/p>\n<\/li>\n<\/ul>\n<p data-start=\"2765\" data-end=\"2842\">La obligaci\u00f3n <strong data-start=\"2779\" data-end=\"2805\">no depende del volumen<\/strong>, sino de la existencia de actividad.<\/p>\n<h2 data-start=\"2849\" data-end=\"2897\">\u00bfQu\u00e9 se considera alquiler de corta duraci\u00f3n?<\/h2>\n<p data-start=\"2899\" data-end=\"2978\">A efectos del informe, se consideran alquileres de corta duraci\u00f3n aquellos que:<\/p>\n<ul data-start=\"2980\" data-end=\"3176\">\n<li data-start=\"2980\" data-end=\"3037\">\n<p data-start=\"2982\" data-end=\"3037\">No tienen car\u00e1cter de vivienda habitual del inquilino<\/p>\n<\/li>\n<li data-start=\"3038\" data-end=\"3094\">\n<p data-start=\"3040\" data-end=\"3094\">Se realizan por d\u00edas, semanas o temporadas concretas<\/p>\n<\/li>\n<li data-start=\"3095\" data-end=\"3176\">\n<p data-start=\"3097\" data-end=\"3176\">Se ofertan directa o indirectamente (web propia, plataformas, intermediarios)<\/p>\n<\/li>\n<\/ul>\n<p data-start=\"3178\" data-end=\"3192\">Incluye tanto:<\/p>\n<ul data-start=\"3193\" data-end=\"3287\">\n<li data-start=\"3193\" data-end=\"3216\">\n<p data-start=\"3195\" data-end=\"3216\">Viviendas completas<\/p>\n<\/li>\n<li data-start=\"3217\" data-end=\"3246\">\n<p data-start=\"3219\" data-end=\"3246\">Alquiler por habitaciones<\/p>\n<\/li>\n<li data-start=\"3247\" data-end=\"3287\">\n<p data-start=\"3249\" data-end=\"3287\">Alquileres tur\u00edsticos y de temporada<\/p>\n<\/li>\n<\/ul>\n<h2 data-start=\"3294\" data-end=\"3339\">\u00bfQu\u00e9 informaci\u00f3n incluye el informe anual?<\/h2>\n<p data-start=\"3341\" data-end=\"3405\">El modelo informativo recoge, entre otros, los siguientes datos:<\/p>\n<ul data-start=\"3407\" data-end=\"3696\">\n<li data-start=\"3407\" data-end=\"3446\">\n<p data-start=\"3409\" data-end=\"3446\">Identificaci\u00f3n del titular o gestor<\/p>\n<\/li>\n<li data-start=\"3447\" data-end=\"3512\">\n<p data-start=\"3449\" data-end=\"3512\">Identificaci\u00f3n del inmueble (referencia catastral, direcci\u00f3n)<\/p>\n<\/li>\n<li data-start=\"3513\" data-end=\"3562\">\n<p data-start=\"3515\" data-end=\"3562\">N\u00famero de estancias realizadas durante el a\u00f1o<\/p>\n<\/li>\n<li data-start=\"3563\" data-end=\"3606\">\n<p data-start=\"3565\" data-end=\"3606\">Fechas de inicio y fin de las estancias<\/p>\n<\/li>\n<li data-start=\"3607\" data-end=\"3649\">\n<p data-start=\"3609\" data-end=\"3649\">Canales de comercializaci\u00f3n utilizados<\/p>\n<\/li>\n<li data-start=\"3650\" data-end=\"3696\">\n<p data-start=\"3652\" data-end=\"3696\">Datos econ\u00f3micos agregados de la actividad<\/p>\n<\/li>\n<\/ul>\n<p data-start=\"3698\" data-end=\"3805\">No se trata de enviar datos hu\u00e9sped por hu\u00e9sped, sino de un <strong data-start=\"3758\" data-end=\"3804\">resumen estructurado de la actividad anual<\/strong>.<\/p>\n<\/div><div class=\"fusion-image-element\" style=\"--awb-margin-top:20px;--awb-margin-bottom:20px;--awb-caption-title-font-family:var(--h2_typography-font-family);--awb-caption-title-font-weight:var(--h2_typography-font-weight);--awb-caption-title-font-style:var(--h2_typography-font-style);--awb-caption-title-size:var(--h2_typography-font-size);--awb-caption-title-transform:var(--h2_typography-text-transform);--awb-caption-title-line-height:var(--h2_typography-line-height);--awb-caption-title-letter-spacing:var(--h2_typography-letter-spacing);\"><span class=\"fusion-imageframe imageframe-none imageframe-1 hover-type-none\"><img decoding=\"async\" width=\"1411\" height=\"905\" title=\"ses-hsoepdajes-informe-anual-febrero-app\" src=\"https:\/\/seshospedajes.es\/wp-content\/uploads\/2026\/01\/ses-hsoepdajes-informe-anual-febrero-app.png\" alt class=\"img-responsive wp-image-1250\" srcset=\"https:\/\/seshospedajes.es\/wp-content\/uploads\/2026\/01\/ses-hsoepdajes-informe-anual-febrero-app-200x128.png 200w, https:\/\/seshospedajes.es\/wp-content\/uploads\/2026\/01\/ses-hsoepdajes-informe-anual-febrero-app-400x257.png 400w, https:\/\/seshospedajes.es\/wp-content\/uploads\/2026\/01\/ses-hsoepdajes-informe-anual-febrero-app-600x385.png 600w, https:\/\/seshospedajes.es\/wp-content\/uploads\/2026\/01\/ses-hsoepdajes-informe-anual-febrero-app-800x513.png 800w, https:\/\/seshospedajes.es\/wp-content\/uploads\/2026\/01\/ses-hsoepdajes-informe-anual-febrero-app-1200x770.png 1200w, https:\/\/seshospedajes.es\/wp-content\/uploads\/2026\/01\/ses-hsoepdajes-informe-anual-febrero-app.png 1411w\" sizes=\"(max-width: 640px) 100vw, 1200px\" \/><\/span><\/div><div class=\"fusion-text fusion-text-2\"><h2 data-start=\"3812\" data-end=\"3846\">\u00bfCu\u00e1ndo se presenta el informe?<\/h2>\n<p data-start=\"3848\" data-end=\"3898\">El informe tiene car\u00e1cter <strong data-start=\"3874\" data-end=\"3883\">anual<\/strong> y se presenta:<\/p>\n<ul data-start=\"3900\" data-end=\"4035\">\n<li data-start=\"3900\" data-end=\"3951\">\n<p data-start=\"3902\" data-end=\"3951\">Durante el a\u00f1o siguiente al ejercicio declarado<\/p>\n<\/li>\n<li data-start=\"3952\" data-end=\"4035\">\n<p data-start=\"3954\" data-end=\"4035\">Dentro del plazo que establezca la Administraci\u00f3n. Actualmente, durante el mes de febrero.<\/p>\n<\/li>\n<\/ul>\n<p data-start=\"4037\" data-end=\"4070\">Es importante no confundirlo con:<\/p>\n<ul data-start=\"4071\" data-end=\"4175\">\n<li data-start=\"4071\" data-end=\"4105\">\n<p data-start=\"4073\" data-end=\"4105\">El registro diario de viajeros<\/p>\n<\/li>\n<li data-start=\"4106\" data-end=\"4131\">\n<p data-start=\"4108\" data-end=\"4131\">Los env\u00edos policiales<\/p>\n<\/li>\n<li data-start=\"4132\" data-end=\"4175\">\n<p data-start=\"4134\" data-end=\"4175\">Las declaraciones fiscales trimestrales<\/p>\n<\/li>\n<\/ul>\n<p data-start=\"4177\" data-end=\"4208\">Son <strong data-start=\"4181\" data-end=\"4207\">obligaciones distintas<\/strong>.<\/p>\n<h2 data-start=\"4215\" data-end=\"4248\">\u00bfQu\u00e9 ocurre si no se presenta?<\/h2>\n<p data-start=\"4250\" data-end=\"4284\">El incumplimiento puede conllevar:<\/p>\n<ul data-start=\"4286\" data-end=\"4434\">\n<li data-start=\"4286\" data-end=\"4310\">\n<p data-start=\"4288\" data-end=\"4310\">Sanciones econ\u00f3micas<\/p>\n<\/li>\n<li data-start=\"4311\" data-end=\"4345\">\n<p data-start=\"4313\" data-end=\"4345\">Requerimientos administrativos<\/p>\n<\/li>\n<li data-start=\"4346\" data-end=\"4405\">\n<p data-start=\"4348\" data-end=\"4405\">Cruces de datos con plataformas y registros auton\u00f3micos<\/p>\n<\/li>\n<li data-start=\"4406\" data-end=\"4434\">\n<p data-start=\"4408\" data-end=\"4434\">Inspecciones posteriores<\/p>\n<\/li>\n<\/ul>\n<p data-start=\"4436\" data-end=\"4550\">La Administraci\u00f3n dispone ahora de <strong data-start=\"4471\" data-end=\"4501\">m\u00faltiples fuentes cruzadas<\/strong>, por lo que la omisi\u00f3n es f\u00e1cilmente detectable.<\/p>\n<h2 data-start=\"4557\" data-end=\"4626\">Relaci\u00f3n con el registro de viajeros y la Ventanilla \u00danica Digital<\/h2>\n<p data-start=\"4628\" data-end=\"4691\">Es clave entender que existen <strong data-start=\"4658\" data-end=\"4690\">tres niveles de cumplimiento<\/strong>:<\/p>\n<ol data-start=\"4693\" data-end=\"4990\">\n<li data-start=\"4693\" data-end=\"4789\">\n<p data-start=\"4696\" data-end=\"4789\"><strong data-start=\"4696\" data-end=\"4720\">Registro de viajeros<\/strong><br data-start=\"4720\" data-end=\"4723\" \/>Comunicaci\u00f3n obligatoria de los datos de las personas alojadas.<\/p>\n<\/li>\n<li data-start=\"4791\" data-end=\"4894\">\n<p data-start=\"4794\" data-end=\"4894\"><strong data-start=\"4794\" data-end=\"4842\">Registro del inmueble (VUD \/ Registro \u00danico)<\/strong><br data-start=\"4842\" data-end=\"4845\" \/>Identificaci\u00f3n administrativa del alojamiento.<\/p>\n<\/li>\n<li data-start=\"4896\" data-end=\"4990\">\n<p data-start=\"4899\" data-end=\"4990\"><strong data-start=\"4899\" data-end=\"4929\">Informe anual de actividad<\/strong><br data-start=\"4929\" data-end=\"4932\" \/>Resumen informativo anual de los alquileres realizados.<\/p>\n<\/li>\n<\/ol>\n<p data-start=\"4992\" data-end=\"5041\">Cumplir solo uno o dos <strong data-start=\"5015\" data-end=\"5027\">no exime<\/strong> de los dem\u00e1s.<\/p>\n<h2 data-start=\"5048\" data-end=\"5087\">\u00bfQu\u00e9 pasa con las rent a car, alquiler de motos o campers?<\/h2>\n<p data-start=\"4250\" data-end=\"4284\">La norma es clara: Este informe es para la parte alojativa, no para los alquileres de veh\u00edculos o campers como veh\u00edculo (no vivienda).<br \/>\nPor lo tanto, si nuestro alquiler no est\u00e1 relacionado con el alojamiento, no debemos presentar este informe.<\/p>\n<h2 data-start=\"5048\" data-end=\"5087\">\u00bfC\u00f3mo podemos ayudarte?<\/h2>\n<p data-start=\"5089\" data-end=\"5175\">En seshospedajes.es trabajamos para que el cumplimiento no sea una carga administrativa.<\/p>\n<p data-start=\"5177\" data-end=\"5204\">Nuestra plataforma permite:<\/p>\n<ul data-start=\"5206\" data-end=\"5465\">\n<li data-start=\"5206\" data-end=\"5261\">\n<p data-start=\"5208\" data-end=\"5261\">Centralizar la informaci\u00f3n de hu\u00e9spedes y estancias<\/p>\n<\/li>\n<li data-start=\"5262\" data-end=\"5310\">\n<p data-start=\"5264\" data-end=\"5310\">Mantener los datos estructurados y trazables<\/p>\n<\/li>\n<li data-start=\"5311\" data-end=\"5370\">\n<p data-start=\"5313\" data-end=\"5370\">Preparar la informaci\u00f3n necesaria para informes anuales<\/p>\n<\/li>\n<li data-start=\"5371\" data-end=\"5420\">\n<p data-start=\"5373\" data-end=\"5420\">Evitar errores de formato o datos incompletos<\/p>\n<\/li>\n<li data-start=\"5421\" data-end=\"5465\">\n<p data-start=\"5423\" data-end=\"5465\">Ahorrar tiempo y reducir riesgos legales<\/p>\n<\/li>\n<\/ul>\n<p data-start=\"5467\" data-end=\"5561\">La clave no es solo cumplir hoy, sino <strong data-start=\"5505\" data-end=\"5531\">poder demostrar ma\u00f1ana<\/strong> que se cumpli\u00f3 correctamente.<\/p>\n<h2 data-start=\"5568\" data-end=\"5581\">Conclusi\u00f3n<\/h2>\n<p data-start=\"5583\" data-end=\"5714\">El informe anual de arrendamientos de corta duraci\u00f3n marca un antes y un despu\u00e9s en la regulaci\u00f3n del alquiler tur\u00edstico en Espa\u00f1a.<\/p>\n<p data-start=\"5716\" data-end=\"5810\">No es una obligaci\u00f3n opcional ni futura: es una realidad que exige <strong data-start=\"5783\" data-end=\"5809\">orden, datos y control<\/strong>.<\/p>\n<p data-start=\"5812\" data-end=\"5925\">Anticiparse es la mejor estrategia para evitar sanciones, bloqueos de anuncios o problemas con la Administraci\u00f3n.<\/p>\n<p data-start=\"5927\" data-end=\"6019\">En SES.Hospedajes te acompa\u00f1amos para que el cumplimiento sea sencillo, autom\u00e1tico y seguro.<\/p>\n<\/div><\/div><\/div><\/div><\/div>","protected":false},"excerpt":{"rendered":"","protected":false},"author":1,"featured_media":1248,"comment_status":"open","ping_status":"open","sticky":false,"template":"","format":"standard","meta":{"om_disable_all_campaigns":false,"_monsterinsights_skip_tracking":false,"_monsterinsights_sitenote_active":false,"_monsterinsights_sitenote_note":"","_monsterinsights_sitenote_category":0,"footnotes":""},"categories":[1],"tags":[63,61],"class_list":["post-1247","post","type-post","status-publish","format-standard","has-post-thumbnail","hentry","category-noticias","tag-informes","tag-seshospedajes"],"aioseo_notices":[],"_links":{"self":[{"href":"https:\/\/seshospedajes.es\/fi\/wp-json\/wp\/v2\/posts\/1247","targetHints":{"allow":["GET"]}}],"collection":[{"href":"https:\/\/seshospedajes.es\/fi\/wp-json\/wp\/v2\/posts"}],"about":[{"href":"https:\/\/seshospedajes.es\/fi\/wp-json\/wp\/v2\/types\/post"}],"author":[{"embeddable":true,"href":"https:\/\/seshospedajes.es\/fi\/wp-json\/wp\/v2\/users\/1"}],"replies":[{"embeddable":true,"href":"https:\/\/seshospedajes.es\/fi\/wp-json\/wp\/v2\/comments?post=1247"}],"version-history":[{"count":4,"href":"https:\/\/seshospedajes.es\/fi\/wp-json\/wp\/v2\/posts\/1247\/revisions"}],"predecessor-version":[{"id":1283,"href":"https:\/\/seshospedajes.es\/fi\/wp-json\/wp\/v2\/posts\/1247\/revisions\/1283"}],"wp:featuredmedia":[{"embeddable":true,"href":"https:\/\/seshospedajes.es\/fi\/wp-json\/wp\/v2\/media\/1248"}],"wp:attachment":[{"href":"https:\/\/seshospedajes.es\/fi\/wp-json\/wp\/v2\/media?parent=1247"}],"wp:term":[{"taxonomy":"category","embeddable":true,"href":"https:\/\/seshospedajes.es\/fi\/wp-json\/wp\/v2\/categories?post=1247"},{"taxonomy":"post_tag","embeddable":true,"href":"https:\/\/seshospedajes.es\/fi\/wp-json\/wp\/v2\/tags?post=1247"}],"curies":[{"name":"wp","href":"https:\/\/api.w.org\/{rel}","templated":true}]}}